{"id":1448,"date":"2024-06-25T17:51:20","date_gmt":"2024-06-25T16:51:20","guid":{"rendered":"https:\/\/lifebioencapsulation.com\/?p=1448"},"modified":"2024-06-25T20:30:57","modified_gmt":"2024-06-25T19:30:57","slug":"hemos_sido_premiados","status":"publish","type":"post","link":"https:\/\/lifebioencapsulation.com\/index.php\/2024\/06\/25\/hemos_sido_premiados\/","title":{"rendered":"\u00a1Hemos sido premiados!"},"content":{"rendered":"\n\n\n\n\n<p>El objetivo de este premio es identificar, reconocer y acompa\u00f1ar a las empresas innovadoras de reciente creaci\u00f3n con mayor potencial de crecimiento de Andaluc\u00eda, seleccion\u00e1ndolas de la iniciativa emprendedora de las ocho provincias de la regi\u00f3n, igualmente a los proyectos e iniciativas innovadoras que supongan una referencia para cualquiera de los diferentes sectores de la Econom\u00eda Azul Regional.<\/p>\n\n\n\n\n<div class=\"wp-block-image\">\n<figure class=\"aligncenter size-full\"><img loading=\"lazy\" decoding=\"async\" width=\"575\" height=\"409\" src=\"https:\/\/lifebioencapsulation.com\/wp-content\/uploads\/2024\/06\/premios_PROA_2024-79-768x512-1.jpg\" alt=\"\" class=\"wp-image-1449\" srcset=\"https:\/\/lifebioencapsulation.com\/wp-content\/uploads\/2024\/06\/premios_PROA_2024-79-768x512-1.jpg 575w, https:\/\/lifebioencapsulation.com\/wp-content\/uploads\/2024\/06\/premios_PROA_2024-79-768x512-1-300x213.jpg 300w\" sizes=\"auto, (max-width: 575px) 100vw, 575px\" \/><\/figure>\n<\/div>\n\n\n\n\n<a aria-label=\" (opens in a new tab)\" href=\"http:\/\/cmma.eu\/los-premios-proa-2024-los-galardones-del-mar-y-de-la-economia-azul-sostenible-reconocen-en-huelva-las-mejores-iniciativas-azules-de-andalucia\/\" target=\"_blank\" rel=\"noreferrer noopener\" class=\"ek-link\">Pincha aqu\u00ed p<\/a><a aria-label=\" (opens in a new tab)\" href=\"http:\/\/cmma.eu\/los-premios-proa-2024-los-galardones-del-mar-y-de-la-economia-azul-sostenible-reconocen-en-huelva-las-mejores-iniciativas-azules-de-andalucia\/\" target=\"_blank\" rel=\"noreferrer noopener\" class=\"ek-link\">a<\/a><a aria-label=\" (opens in a new tab)\" href=\"http:\/\/cmma.eu\/los-premios-proa-2024-los-galardones-del-mar-y-de-la-economia-azul-sostenible-reconocen-en-huelva-las-mejores-iniciativas-azules-de-andalucia\/\" target=\"_blank\" rel=\"noreferrer noopener\" class=\"ek-link\">r<\/a><a aria-label=\" (opens in a new tab)\" href=\"http:\/\/cmma.eu\/los-premios-proa-2024-los-galardones-del-mar-y-de-la-economia-azul-sostenible-reconocen-en-huelva-las-mejores-iniciativas-azules-de-andalucia\/\" target=\"_blank\" rel=\"noreferrer noopener\" class=\"ek-link\">a<\/a><a aria-label=\" (opens in a new tab)\" href=\"http:\/\/cmma.eu\/los-premios-proa-2024-los-galardones-del-mar-y-de-la-economia-azul-sostenible-reconocen-en-huelva-las-mejores-iniciativas-azules-de-andalucia\/\" target=\"_blank\" rel=\"noreferrer noopener\" class=\"ek-link\"> <\/a><a aria-label=\" (opens in a new tab)\" href=\"http:\/\/cmma.eu\/los-premios-proa-2024-los-galardones-del-mar-y-de-la-economia-azul-sostenible-reconocen-en-huelva-las-mejores-iniciativas-azules-de-andalucia\/\" target=\"_blank\" rel=\"noreferrer noopener\" class=\"ek-link\">a<\/a><a aria-label=\" (opens in a new tab)\" href=\"http:\/\/cmma.eu\/los-premios-proa-2024-los-galardones-del-mar-y-de-la-economia-azul-sostenible-reconocen-en-huelva-las-mejores-iniciativas-azules-de-andalucia\/\" target=\"_blank\" rel=\"noreferrer noopener\" class=\"ek-link\">m<\/a><a aria-label=\" (opens in a new tab)\" href=\"http:\/\/cmma.eu\/los-premios-proa-2024-los-galardones-del-mar-y-de-la-economia-azul-sostenible-reconocen-en-huelva-las-mejores-iniciativas-azules-de-andalucia\/\" target=\"_blank\" rel=\"noreferrer noopener\" class=\"ek-link\">p<\/a><a aria-label=\" (opens in a new tab)\" href=\"http:\/\/cmma.eu\/los-premios-proa-2024-los-galardones-del-mar-y-de-la-economia-azul-sostenible-reconocen-en-huelva-las-mejores-iniciativas-azules-de-andalucia\/\" target=\"_blank\" rel=\"noreferrer noopener\" class=\"ek-link\">l<\/a><a aria-label=\" (opens in a new tab)\" href=\"http:\/\/cmma.eu\/los-premios-proa-2024-los-galardones-del-mar-y-de-la-economia-azul-sostenible-reconocen-en-huelva-las-mejores-iniciativas-azules-de-andalucia\/\" target=\"_blank\" rel=\"noreferrer noopener\" class=\"ek-link\">i<\/a><a aria-label=\" (opens in a new tab)\" href=\"http:\/\/cmma.eu\/los-premios-proa-2024-los-galardones-del-mar-y-de-la-economia-azul-sostenible-reconocen-en-huelva-las-mejores-iniciativas-azules-de-andalucia\/\" target=\"_blank\" rel=\"noreferrer noopener\" class=\"ek-link\">a<\/a><a aria-label=\" (opens in a new tab)\" href=\"http:\/\/cmma.eu\/los-premios-proa-2024-los-galardones-del-mar-y-de-la-economia-azul-sostenible-reconocen-en-huelva-las-mejores-iniciativas-azules-de-andalucia\/\" target=\"_blank\" rel=\"noreferrer noopener\" class=\"ek-link\">r<\/a><a aria-label=\" (opens in a new tab)\" href=\"http:\/\/cmma.eu\/los-premios-proa-2024-los-galardones-del-mar-y-de-la-economia-azul-sostenible-reconocen-en-huelva-las-mejores-iniciativas-azules-de-andalucia\/\" target=\"_blank\" rel=\"noreferrer noopener\" class=\"ek-link\"> <\/a><a aria-label=\" (opens in a new tab)\" href=\"http:\/\/cmma.eu\/los-premios-proa-2024-los-galardones-del-mar-y-de-la-economia-azul-sostenible-reconocen-en-huelva-las-mejores-iniciativas-azules-de-andalucia\/\" target=\"_blank\" rel=\"noreferrer noopener\" class=\"ek-link\">l<\/a><a aria-label=\" (opens in a new tab)\" href=\"http:\/\/cmma.eu\/los-premios-proa-2024-los-galardones-del-mar-y-de-la-economia-azul-sostenible-reconocen-en-huelva-las-mejores-iniciativas-azules-de-andalucia\/\" target=\"_blank\" rel=\"noreferrer noopener\" class=\"ek-link\">a<\/a><a aria-label=\" (opens in a new tab)\" href=\"http:\/\/cmma.eu\/los-premios-proa-2024-los-galardones-del-mar-y-de-la-economia-azul-sostenible-reconocen-en-huelva-las-mejores-iniciativas-azules-de-andalucia\/\" target=\"_blank\" rel=\"noreferrer noopener\" class=\"ek-link\"> <\/a><a aria-label=\" (opens in a new tab)\" href=\"http:\/\/cmma.eu\/los-premios-proa-2024-los-galardones-del-mar-y-de-la-economia-azul-sostenible-reconocen-en-huelva-las-mejores-iniciativas-azules-de-andalucia\/\" target=\"_blank\" rel=\"noreferrer noopener\" class=\"ek-link\">n<\/a><a aria-label=\" (opens in a new tab)\" href=\"http:\/\/cmma.eu\/los-premios-proa-2024-los-galardones-del-mar-y-de-la-economia-azul-sostenible-reconocen-en-huelva-las-mejores-iniciativas-azules-de-andalucia\/\" target=\"_blank\" rel=\"noreferrer noopener\" class=\"ek-link\">o<\/a><a aria-label=\" (opens in a new tab)\" href=\"http:\/\/cmma.eu\/los-premios-proa-2024-los-galardones-del-mar-y-de-la-economia-azul-sostenible-reconocen-en-huelva-las-mejores-iniciativas-azules-de-andalucia\/\" target=\"_blank\" rel=\"noreferrer noopener\" class=\"ek-link\">t<\/a><a aria-label=\" (opens in a new tab)\" href=\"http:\/\/cmma.eu\/los-premios-proa-2024-los-galardones-del-mar-y-de-la-economia-azul-sostenible-reconocen-en-huelva-las-mejores-iniciativas-azules-de-andalucia\/\" target=\"_blank\" rel=\"noreferrer noopener\" class=\"ek-link\">i<\/a><a aria-label=\" (opens in a new tab)\" href=\"http:\/\/cmma.eu\/los-premios-proa-2024-los-galardones-del-mar-y-de-la-economia-azul-sostenible-reconocen-en-huelva-las-mejores-iniciativas-azules-de-andalucia\/\" target=\"_blank\" rel=\"noreferrer noopener\" class=\"ek-link\">c<\/a><a aria-label=\" (opens in a new tab)\" href=\"http:\/\/cmma.eu\/los-premios-proa-2024-los-galardones-del-mar-y-de-la-economia-azul-sostenible-reconocen-en-huelva-las-mejores-iniciativas-azules-de-andalucia\/\" target=\"_blank\" rel=\"noreferrer noopener\" class=\"ek-link\">i<\/a><a aria-label=\" (opens in a new tab)\" href=\"http:\/\/cmma.eu\/los-premios-proa-2024-los-galardones-del-mar-y-de-la-economia-azul-sostenible-reconocen-en-huelva-las-mejores-iniciativas-azules-de-andalucia\/\" target=\"_blank\" rel=\"noreferrer noopener\" class=\"ek-link\">a<\/a>\n\n\n\nEnlaces relacionados:<br><a href=\"https:\/\/www.ipacuicultura.com\/noticia-70163-sec-General\" class=\"ek-link\">Ipac acuicultura se hace eco de la noticia<\/a>\n\n\n","protected":false},"excerpt":{"rendered":"<p>El pasado 20 de junio se entregaron los Premios Proa 2024, organizados por el Cl\u00faster Mar\u00edtimo-Marino de Andaluc\u00eda (CMMA), que en su quinta edici\u00f3n celebrada en Huelva, reconocen las mejores iniciativas azules de Andaluc\u00eda.<br \/>\nEn esta edici\u00f3n, <b>LifeBioencapsulation ha sido galardonada con el \u00abPremio Nueva Empresa\/Idea Emprendedora\u00bb.<\/b><\/p>\n","protected":false},"author":1,"featured_media":1454,"comment_status":"closed","ping_status":"closed","sticky":false,"template":"","format":"standard","meta":{"_editorskit_title_hidden":false,"_editorskit_reading_time":0,"_editorskit_is_block_options_detached":false,"_editorskit_block_options_position":"{}","_crdt_document":"","pagelayer_contact_templates":[],"_pagelayer_content":"","inline_featured_image":false,"footnotes":""},"categories":[26],"tags":[],"class_list":["post-1448","post","type-post","status-publish","format-standard","has-post-thumbnail","hentry","category-premios"],"blog_post_layout_featured_media_urls":{"thumbnail":["https:\/\/lifebioencapsulation.com\/wp-content\/uploads\/2024\/06\/unnamed-150x150.jpg",150,150,true],"full":["https:\/\/lifebioencapsulation.com\/wp-content\/uploads\/2024\/06\/unnamed.jpg",720,380,false]},"categories_names":{"26":{"name":"Premios","link":"https:\/\/lifebioencapsulation.com\/index.php\/category\/premios\/"}},"tags_names":[],"comments_number":"0","_links":{"self":[{"href":"https:\/\/lifebioencapsulation.com\/index.php\/wp-json\/wp\/v2\/posts\/1448","targetHints":{"allow":["GET"]}}],"collection":[{"href":"https:\/\/lifebioencapsulation.com\/index.php\/wp-json\/wp\/v2\/posts"}],"about":[{"href":"https:\/\/lifebioencapsulation.com\/index.php\/wp-json\/wp\/v2\/types\/post"}],"author":[{"embeddable":true,"href":"https:\/\/lifebioencapsulation.com\/index.php\/wp-json\/wp\/v2\/users\/1"}],"replies":[{"embeddable":true,"href":"https:\/\/lifebioencapsulation.com\/index.php\/wp-json\/wp\/v2\/comments?post=1448"}],"version-history":[{"count":7,"href":"https:\/\/lifebioencapsulation.com\/index.php\/wp-json\/wp\/v2\/posts\/1448\/revisions"}],"predecessor-version":[{"id":1459,"href":"https:\/\/lifebioencapsulation.com\/index.php\/wp-json\/wp\/v2\/posts\/1448\/revisions\/1459"}],"wp:featuredmedia":[{"embeddable":true,"href":"https:\/\/lifebioencapsulation.com\/index.php\/wp-json\/wp\/v2\/media\/1454"}],"wp:attachment":[{"href":"https:\/\/lifebioencapsulation.com\/index.php\/wp-json\/wp\/v2\/media?parent=1448"}],"wp:term":[{"taxonomy":"category","embeddable":true,"href":"https:\/\/lifebioencapsulation.com\/index.php\/wp-json\/wp\/v2\/categories?post=1448"},{"taxonomy":"post_tag","embeddable":true,"href":"https:\/\/lifebioencapsulation.com\/index.php\/wp-json\/wp\/v2\/tags?post=1448"}],"curies":[{"name":"wp","href":"https:\/\/api.w.org\/{rel}","templated":true}]}}