{"id":1689,"date":"2024-11-30T20:20:07","date_gmt":"2024-11-30T19:20:07","guid":{"rendered":"https:\/\/lifebioencapsulation.com\/?p=1689"},"modified":"2024-11-30T20:34:33","modified_gmt":"2024-11-30T19:34:33","slug":"dia-de-la-acuicultura","status":"publish","type":"post","link":"https:\/\/lifebioencapsulation.com\/index.php\/2024\/11\/30\/dia-de-la-acuicultura\/","title":{"rendered":"D\u00eda de la Acuicultura"},"content":{"rendered":"\n<p class=\"wp-block-paragraph\">El programa de dicha jornada t\u00e9cnica consist\u00eda en tres ponencias:<\/p>\n\n\n\n<ul class=\"wp-block-list\">\n<li><strong>Acuicultura de precisi\u00f3n, calidad sin l\u00edmites<\/strong>. D\u00f1a. Mabel S\u00e1ez Casado<\/li>\n\n\n\n<li><strong>Microalgas: innovaci\u00f3n azul para una producci\u00f3n sostenible<\/strong>. D. Tom\u00e1s Lafarga<\/li>\n\n\n\n<li><strong>Acuicultura offshore: Proyecto OAC GLOBAL<\/strong>. D. Juan F. Aldana, OAC-GLobal<\/li>\n<\/ul>\n\n\n\n<p class=\"wp-block-paragraph\">Adem\u00e1s de estas tres ponencias tuvo lugar un <strong>Caf\u00e9-Networking<\/strong> para b\u00fasqueda de sinergias.<\/p>\n\n\n<div class=\"wp-block-image\">\n<figure class=\"aligncenter size-large\"><img loading=\"lazy\" decoding=\"async\" width=\"1024\" height=\"621\" src=\"https:\/\/lifebioencapsulation.com\/wp-content\/uploads\/2024\/11\/dia_de_la_acuicultura_2024_life-1024x621.png\" alt=\"\" class=\"wp-image-1696\" srcset=\"https:\/\/lifebioencapsulation.com\/wp-content\/uploads\/2024\/11\/dia_de_la_acuicultura_2024_life-1024x621.png 1024w, https:\/\/lifebioencapsulation.com\/wp-content\/uploads\/2024\/11\/dia_de_la_acuicultura_2024_life-300x182.png 300w, https:\/\/lifebioencapsulation.com\/wp-content\/uploads\/2024\/11\/dia_de_la_acuicultura_2024_life-768x466.png 768w, https:\/\/lifebioencapsulation.com\/wp-content\/uploads\/2024\/11\/dia_de_la_acuicultura_2024_life-1536x932.png 1536w, https:\/\/lifebioencapsulation.com\/wp-content\/uploads\/2024\/11\/dia_de_la_acuicultura_2024_life-600x364.png 600w, https:\/\/lifebioencapsulation.com\/wp-content\/uploads\/2024\/11\/dia_de_la_acuicultura_2024_life.png 1600w\" sizes=\"auto, (max-width: 1024px) 100vw, 1024px\" \/><\/figure>\n<\/div>\n\n\n<p class=\"wp-block-paragraph\">La jornada ha sido <strong>inaugurada<\/strong> por el <strong>rector, Jos\u00e9 J. C\u00e9spedes<\/strong>, y ha contado con la presencia de <strong>D. Ram\u00f3n Fern\u00e1ndez-Pacheco, Consejero de Agricultura, Pesca, Agua y Desarrollo Rural<\/strong>, as\u00ed como la del <strong>vicerrector de Pol\u00edtica Cient\u00edfica, Jos\u00e9 Antonio S\u00e1nchez<\/strong>.<\/p>\n\n\n\n<p class=\"wp-block-paragraph\"><\/p>\n","protected":false},"excerpt":{"rendered":"<p>El pasado viernes se celebro, con motivo de la celebraci\u00f3n el 30 de noviembre del D\u00eda de la Acuicultura, la jornada \u00abAlmer\u00eda azul: innovaci\u00f3n y desaf\u00edos en la acuicultura del futuro\u00bb<\/p>\n","protected":false},"author":1,"featured_media":1690,"comment_status":"closed","ping_status":"closed","sticky":false,"template":"","format":"standard","meta":{"_editorskit_title_hidden":false,"_editorskit_reading_time":0,"_editorskit_is_block_options_detached":false,"_editorskit_block_options_position":"{}","_crdt_document":"","pagelayer_contact_templates":[],"_pagelayer_content":"","inline_featured_image":false,"footnotes":""},"categories":[38],"tags":[],"class_list":["post-1689","post","type-post","status-publish","format-standard","has-post-thumbnail","hentry","category-divulgacion"],"blog_post_layout_featured_media_urls":{"thumbnail":["https:\/\/lifebioencapsulation.com\/wp-content\/uploads\/2024\/11\/dia_de_la_acuicultura_2024-150x150.png",150,150,true],"full":["https:\/\/lifebioencapsulation.com\/wp-content\/uploads\/2024\/11\/dia_de_la_acuicultura_2024.png",575,409,false]},"categories_names":{"38":{"name":"Divulgaci\u00f3n","link":"https:\/\/lifebioencapsulation.com\/index.php\/category\/divulgacion\/"}},"tags_names":[],"comments_number":"0","_links":{"self":[{"href":"https:\/\/lifebioencapsulation.com\/index.php\/wp-json\/wp\/v2\/posts\/1689","targetHints":{"allow":["GET"]}}],"collection":[{"href":"https:\/\/lifebioencapsulation.com\/index.php\/wp-json\/wp\/v2\/posts"}],"about":[{"href":"https:\/\/lifebioencapsulation.com\/index.php\/wp-json\/wp\/v2\/types\/post"}],"author":[{"embeddable":true,"href":"https:\/\/lifebioencapsulation.com\/index.php\/wp-json\/wp\/v2\/users\/1"}],"replies":[{"embeddable":true,"href":"https:\/\/lifebioencapsulation.com\/index.php\/wp-json\/wp\/v2\/comments?post=1689"}],"version-history":[{"count":7,"href":"https:\/\/lifebioencapsulation.com\/index.php\/wp-json\/wp\/v2\/posts\/1689\/revisions"}],"predecessor-version":[{"id":1699,"href":"https:\/\/lifebioencapsulation.com\/index.php\/wp-json\/wp\/v2\/posts\/1689\/revisions\/1699"}],"wp:featuredmedia":[{"embeddable":true,"href":"https:\/\/lifebioencapsulation.com\/index.php\/wp-json\/wp\/v2\/media\/1690"}],"wp:attachment":[{"href":"https:\/\/lifebioencapsulation.com\/index.php\/wp-json\/wp\/v2\/media?parent=1689"}],"wp:term":[{"taxonomy":"category","embeddable":true,"href":"https:\/\/lifebioencapsulation.com\/index.php\/wp-json\/wp\/v2\/categories?post=1689"},{"taxonomy":"post_tag","embeddable":true,"href":"https:\/\/lifebioencapsulation.com\/index.php\/wp-json\/wp\/v2\/tags?post=1689"}],"curies":[{"name":"wp","href":"https:\/\/api.w.org\/{rel}","templated":true}]}}